{"id":563,"date":"2016-11-26T22:17:18","date_gmt":"2016-11-26T21:17:18","guid":{"rendered":"http:\/\/www.adivida.de\/?p=563"},"modified":"2020-06-14T21:32:27","modified_gmt":"2020-06-14T19:32:27","slug":"diese-sache-mit-dem-gluecklich-sein","status":"publish","type":"post","link":"https:\/\/www.adivida.de\/?p=563","title":{"rendered":"Diese Sache mit dem gl\u00fccklich sein&#8230;"},"content":{"rendered":"<p>Gl\u00fccklich sein.. Zerlegt man diese Worte und betrachtet sie genauer stellt man weitere Tatsachen fest.<br \/>\nDer Umstand &#8222;gl\u00fccklich sein&#8220; definiert sich in der Grammatik durch das Wort &#8222;Gl\u00fcck&#8220; und das weitere Wort &#8222;Sein&#8220;.<\/p>\n<p>Betrachten wir nun diese zwei Worte unabh\u00e4ngig voneinander, kann man durch die Definition eben dieser eine Anleitung des &#8222;gl\u00fccklich seins&#8220; schreiben.<br \/>\nGl\u00fccklich sein, eine Sache, nach der wahrscheinlich jeder Mensch, vielleicht jedes Individuum strebt, sofern dieses eine emotionale Gedankenbauweise besitzt.<\/p>\n<p>Als ich angefangen habe die Worte &#8222;Gl\u00fcck&#8220; und &#8222;Sein&#8220; zu analysieren kam ich schnell zu einem St\u00f6rfaktor, n\u00e4mlich der Sache mit dem &#8222;Gl\u00fcck&#8220;.<br \/>\nGl\u00fcck ist etwas nicht greifbares, keiner unserer Sinne kann &#8222;Gl\u00fcck&#8220; erfassen, wir k\u00f6nnen es lediglich erleben und die Gef\u00fchle, die das Gl\u00fcck in uns ausl\u00f6st in unseren Herzen f\u00fchlen.<br \/>\nWir k\u00f6nnen f\u00fchlen wie es kitzelnd unsere Kehle hinauf flie\u00dft, wie es jede Ader unseres K\u00f6rpers erf\u00fcllt und schlie\u00dflich in unserem \u00c4u\u00dferen f\u00fcr unser Umfeld sichtbar wird, etwa durch unser L\u00e4cheln oder den besonderen Ausdruck in unseren Augen.<\/p>\n<p>Gl\u00fcck ist nicht greifbar, nicht planbar, nicht anzustreben. Gl\u00fcck geschieht. Wir selbst k\u00f6nnen nicht entscheiden wann, wo, wie das Gl\u00fcck unseren Weg kreuzt. Jedoch ist das auch gar nicht n\u00f6tig, denn wir k\u00f6nnen auf dem Weg zum gl\u00fccklich sein den Teil des Gl\u00fcckes umgehen und unsere Aufmerksamkeit dem anderen Teil schenken. Dieser sehr bedeutsame Teil definiert sich durch das Wort &#8222;Sein&#8220;.<\/p>\n<p>Gl\u00fccklich sein ist nicht das Gl\u00fcck als solches, gl\u00fccklich sein ist das Sein.<br \/>\nDas Sein beginnt mit der Tatsache des Bewusstseins der eigenen Person. Der Lebensumst\u00e4nde.<br \/>\nDas Sein lebt mit der Tatsache des Bewusstseins der Sch\u00f6nheit. Der Sch\u00f6nheit der Natur, der bunten Welt in der wir uns befinden. Der Sch\u00f6nheit des rauschenden Meeres und der schneebedeckten Berge. Der unverg\u00e4nglichen Sch\u00f6nheit der W\u00e4lder, des Himmels und der goldenen Sonne.<br \/>\nDas Sein endet mit der Tatsache des Bewusstseins unserer Wurzeln, unserer Herkunft und unseres Umfelds.<br \/>\nEin Jeder kann, sollte und wird sich durch die Menschen, die ihn lieben definieren, best\u00e4tigen und an sich selbst wachsen.<\/p>\n<p>Durch den Pr\u00e4sens Singular definiert sich das Wort nochmals bewusster als &#8222;ich bin&#8220; und aus dieser Definition l\u00e4sst sich ein Satz bauen, welcher sich auf dem Weg zum gl\u00fccklich sein in unser aller Bewusstsein pr\u00e4gen sollte, als da ist\u00a0der schlichte Satz &#8222;Ich bin gl\u00fccklich.&#8220;<\/p>\n<p>F\u00fcr mich beginnt gl\u00fccklich sein mit dem Sein und bekommt seinen Antlitz durch das Loslassen.<br \/>\nUm gl\u00fccklich zu sein m\u00fcssen wir unsere \u00c4ngste loslassen.<br \/>\nDoch noch viel mehr m\u00fcssen wir unser Schamgef\u00fchl loslassen.<br \/>\nWer die Angst losl\u00e4sst, was Andere \u00fcber einen denken, der lebt befreit. Wer laut lachen kann, ohne Angst davor zu haben, sein Umfeld durch sein schallendes Gel\u00e4chter zu beeintr\u00e4chtigen, der kann dem Gl\u00fcck den notwendigen Raum geben. Durch lautes Lachen tragen wir das Gl\u00fcck durch unsere Stimmb\u00e4nder hinaus in die Umwelt.<\/p>\n<blockquote><p>&#8222;Wenn man aufh\u00f6rt es zu suchen findet man das Gl\u00fcck.&#8220;<\/p><\/blockquote>\n<p>Und wenn man das Gl\u00fcck gefunden hat und das &#8222;Sein&#8220; f\u00fcr sich selbst definiert hat, hat man insgeheim sein eigenes Rezept f\u00fcr das &#8222;gl\u00fccklich sein&#8220; verfasst.<\/p>\n<hr \/>\n<p><span style=\"color: #999999;\">Annika\u00a0\u2661<\/span><\/p>\n","protected":false},"excerpt":{"rendered":"<p>Gl\u00fccklich sein.. Zerlegt man diese Worte und betrachtet sie genauer stellt man weitere Tatsachen fest. Der Umstand &#8222;gl\u00fccklich sein&#8220; definiert sich in der Grammatik durch das Wort &#8222;Gl\u00fcck&#8220; und das weitere Wort &#8222;Sein&#8220;. Betrachten wir nun diese zwei Worte unabh\u00e4ngig&#8230;<\/p>\n","protected":false},"author":1,"featured_media":1033,"comment_status":"open","ping_status":"open","sticky":false,"template":"","format":"standard","meta":[],"categories":[38],"tags":[],"_links":{"self":[{"href":"https:\/\/www.adivida.de\/index.php?rest_route=\/wp\/v2\/posts\/563"}],"collection":[{"href":"https:\/\/www.adivida.de\/index.php?rest_route=\/wp\/v2\/posts"}],"about":[{"href":"https:\/\/www.adivida.de\/index.php?rest_route=\/wp\/v2\/types\/post"}],"author":[{"embeddable":true,"href":"https:\/\/www.adivida.de\/index.php?rest_route=\/wp\/v2\/users\/1"}],"replies":[{"embeddable":true,"href":"https:\/\/www.adivida.de\/index.php?rest_route=%2Fwp%2Fv2%2Fcomments&post=563"}],"version-history":[{"count":18,"href":"https:\/\/www.adivida.de\/index.php?rest_route=\/wp\/v2\/posts\/563\/revisions"}],"predecessor-version":[{"id":1048,"href":"https:\/\/www.adivida.de\/index.php?rest_route=\/wp\/v2\/posts\/563\/revisions\/1048"}],"wp:featuredmedia":[{"embeddable":true,"href":"https:\/\/www.adivida.de\/index.php?rest_route=\/wp\/v2\/media\/1033"}],"wp:attachment":[{"href":"https:\/\/www.adivida.de\/index.php?rest_route=%2Fwp%2Fv2%2Fmedia&parent=563"}],"wp:term":[{"taxonomy":"category","embeddable":true,"href":"https:\/\/www.adivida.de\/index.php?rest_route=%2Fwp%2Fv2%2Fcategories&post=563"},{"taxonomy":"post_tag","embeddable":true,"href":"https:\/\/www.adivida.de\/index.php?rest_route=%2Fwp%2Fv2%2Ftags&post=563"}],"curies":[{"name":"wp","href":"https:\/\/api.w.org\/{rel}","templated":true}]}}